{"id":1267,"date":"2022-01-17T15:08:44","date_gmt":"2022-01-17T14:08:44","guid":{"rendered":"https:\/\/animallaweurope.eu\/?p=1267"},"modified":"2024-07-12T11:22:49","modified_gmt":"2024-07-12T09:22:49","slug":"candidat-presidentiel","status":"publish","type":"post","link":"https:\/\/animallaweurope.org\/fr\/candidat-presidentiel\/","title":{"rendered":"Le travail de l'Institut cit\u00e9 par Gaspard Koenig, candidat \u00e0 la pr\u00e9sidentielle"},"content":{"rendered":"<p>Dans un entretien \u00e0 R\u00e9ussir, philosophe et candidat \u00e0 l'\u00e9lection pr\u00e9sidentielle Gaspard Koenig indique s'inspirer des travaux de l'I...<\/p>","protected":false},"excerpt":{"rendered":"<p>Dans un entretien \u00e0 R\u00e9ussir, philosophe et candidat \u00e0 l'\u00e9lection pr\u00e9sidentielle Gaspard Koenig indique s'inspirer des travaux de l'I...<\/p>","protected":false},"author":2,"featured_media":302,"comment_status":"closed","ping_status":"closed","sticky":false,"template":"","format":"standard","meta":{"_acf_changed":false,"footnotes":""},"categories":[7],"tags":[52,65],"language":[27],"class_list":["post-1267","post","type-post","status-publish","format-standard","has-post-thumbnail","hentry","category-media-appearances","tag-droit-de-lanimal","tag-politiques-publiques","language-french"],"acf":[],"_links":{"self":[{"href":"https:\/\/animallaweurope.org\/fr\/wp-json\/wp\/v2\/posts\/1267","targetHints":{"allow":["GET"]}}],"collection":[{"href":"https:\/\/animallaweurope.org\/fr\/wp-json\/wp\/v2\/posts"}],"about":[{"href":"https:\/\/animallaweurope.org\/fr\/wp-json\/wp\/v2\/types\/post"}],"author":[{"embeddable":true,"href":"https:\/\/animallaweurope.org\/fr\/wp-json\/wp\/v2\/users\/2"}],"replies":[{"embeddable":true,"href":"https:\/\/animallaweurope.org\/fr\/wp-json\/wp\/v2\/comments?post=1267"}],"version-history":[{"count":2,"href":"https:\/\/animallaweurope.org\/fr\/wp-json\/wp\/v2\/posts\/1267\/revisions"}],"predecessor-version":[{"id":2239,"href":"https:\/\/animallaweurope.org\/fr\/wp-json\/wp\/v2\/posts\/1267\/revisions\/2239"}],"wp:featuredmedia":[{"embeddable":true,"href":"https:\/\/animallaweurope.org\/fr\/wp-json\/wp\/v2\/media\/302"}],"wp:attachment":[{"href":"https:\/\/animallaweurope.org\/fr\/wp-json\/wp\/v2\/media?parent=1267"}],"wp:term":[{"taxonomy":"category","embeddable":true,"href":"https:\/\/animallaweurope.org\/fr\/wp-json\/wp\/v2\/categories?post=1267"},{"taxonomy":"post_tag","embeddable":true,"href":"https:\/\/animallaweurope.org\/fr\/wp-json\/wp\/v2\/tags?post=1267"},{"taxonomy":"language","embeddable":true,"href":"https:\/\/animallaweurope.org\/fr\/wp-json\/wp\/v2\/language?post=1267"}],"curies":[{"name":"wp","href":"https:\/\/api.w.org\/{rel}","templated":true}]}}