{"id":1552,"date":"2022-12-21T16:35:03","date_gmt":"2022-12-21T15:35:03","guid":{"rendered":"https:\/\/animallaweurope.eu\/?p=1552"},"modified":"2024-07-01T19:57:42","modified_gmt":"2024-07-01T17:57:42","slug":"stop-animal-captivity","status":"publish","type":"post","link":"https:\/\/animallaweurope.org\/fr\/stop-animal-captivity\/","title":{"rendered":"Est-il temps de mettre fin \u00e0 la captivit\u00e9 des animaux ?"},"content":{"rendered":"<p>Alice Di Concetto a \u00e9t\u00e9 cit\u00e9e dans un article d'opinion de Christopher McJetters publi\u00e9 sur Euronews. \"Alice Di Concetto est conseill\u00e8re juridique \u00e0 l'Institut europ\u00e9en pour le droit et la politique des animaux. Elle affirme que la l\u00e9gislation relative \u00e0 la protection de ces animaux est mince comme du papier, litt\u00e9ralement\".<\/p>","protected":false},"excerpt":{"rendered":"<p>Alice Di Concetto a \u00e9t\u00e9 cit\u00e9e dans un article d'opinion de Christopher McJetters publi\u00e9 sur Euronews. \"Alice Di Concetto est conseill\u00e8re juridique \u00e0 l'Institut europ\u00e9en pour le droit et la politique des animaux. Elle affirme que la l\u00e9gislation relative \u00e0 la protection de ces animaux est mince comme du papier, litt\u00e9ralement\".<\/p>","protected":false},"author":2,"featured_media":1553,"comment_status":"closed","ping_status":"closed","sticky":false,"template":"","format":"standard","meta":{"_acf_changed":false,"footnotes":""},"categories":[7],"tags":[42],"language":[26],"class_list":["post-1552","post","type-post","status-publish","format-standard","has-post-thumbnail","hentry","category-media-appearances","tag-wild-animals","language-english"],"acf":[],"_links":{"self":[{"href":"https:\/\/animallaweurope.org\/fr\/wp-json\/wp\/v2\/posts\/1552","targetHints":{"allow":["GET"]}}],"collection":[{"href":"https:\/\/animallaweurope.org\/fr\/wp-json\/wp\/v2\/posts"}],"about":[{"href":"https:\/\/animallaweurope.org\/fr\/wp-json\/wp\/v2\/types\/post"}],"author":[{"embeddable":true,"href":"https:\/\/animallaweurope.org\/fr\/wp-json\/wp\/v2\/users\/2"}],"replies":[{"embeddable":true,"href":"https:\/\/animallaweurope.org\/fr\/wp-json\/wp\/v2\/comments?post=1552"}],"version-history":[{"count":1,"href":"https:\/\/animallaweurope.org\/fr\/wp-json\/wp\/v2\/posts\/1552\/revisions"}],"predecessor-version":[{"id":2210,"href":"https:\/\/animallaweurope.org\/fr\/wp-json\/wp\/v2\/posts\/1552\/revisions\/2210"}],"wp:featuredmedia":[{"embeddable":true,"href":"https:\/\/animallaweurope.org\/fr\/wp-json\/wp\/v2\/media\/1553"}],"wp:attachment":[{"href":"https:\/\/animallaweurope.org\/fr\/wp-json\/wp\/v2\/media?parent=1552"}],"wp:term":[{"taxonomy":"category","embeddable":true,"href":"https:\/\/animallaweurope.org\/fr\/wp-json\/wp\/v2\/categories?post=1552"},{"taxonomy":"post_tag","embeddable":true,"href":"https:\/\/animallaweurope.org\/fr\/wp-json\/wp\/v2\/tags?post=1552"},{"taxonomy":"language","embeddable":true,"href":"https:\/\/animallaweurope.org\/fr\/wp-json\/wp\/v2\/language?post=1552"}],"curies":[{"name":"wp","href":"https:\/\/api.w.org\/{rel}","templated":true}]}}