{"id":2412,"date":"2024-08-13T19:16:30","date_gmt":"2024-08-13T17:16:30","guid":{"rendered":"https:\/\/animallaweurope.org\/?p=2412"},"modified":"2024-08-19T11:08:55","modified_gmt":"2024-08-19T09:08:55","slug":"evs-talks","status":"publish","type":"post","link":"https:\/\/animallaweurope.org\/fr\/evs-talks\/","title":{"rendered":"L'heure d'une transition alimentaire juste a-t-elle sonn\u00e9 dans l'UE ?"},"content":{"rendered":"<p>Olga Kikou (directrice du plaidoyer) a \u00e9t\u00e9 interview\u00e9e sur le podcast \"EVS Talks\" du Sommet v\u00e9gan europ\u00e9en. Dans cet \u00e9pisode, Olga a fourni une analyse de la nouvelle dynamique politique au sein du Parlement europ\u00e9en et de ce qu'elle signifie pour les animaux.<\/p>\n\n\n\n<p><\/p>","protected":false},"excerpt":{"rendered":"<p>Olga Kikou (directrice du plaidoyer) a \u00e9t\u00e9 interview\u00e9e sur le podcast \"EVS Talks\" du Sommet v\u00e9gan europ\u00e9en. Dans cet \u00e9pisode, Olga a fourni une analyse de la nouvelle dynamique politique au sein du Parlement europ\u00e9en et de ce qu'elle signifie pour les animaux.<\/p>","protected":false},"author":2,"featured_media":2413,"comment_status":"closed","ping_status":"closed","sticky":false,"template":"","format":"standard","meta":{"_acf_changed":false,"footnotes":""},"categories":[7],"tags":[39,13],"language":[26],"class_list":["post-2412","post","type-post","status-publish","format-standard","has-post-thumbnail","hentry","category-media-appearances","tag-farmed-animals","tag-food-transition","language-english"],"acf":[],"_links":{"self":[{"href":"https:\/\/animallaweurope.org\/fr\/wp-json\/wp\/v2\/posts\/2412","targetHints":{"allow":["GET"]}}],"collection":[{"href":"https:\/\/animallaweurope.org\/fr\/wp-json\/wp\/v2\/posts"}],"about":[{"href":"https:\/\/animallaweurope.org\/fr\/wp-json\/wp\/v2\/types\/post"}],"author":[{"embeddable":true,"href":"https:\/\/animallaweurope.org\/fr\/wp-json\/wp\/v2\/users\/2"}],"replies":[{"embeddable":true,"href":"https:\/\/animallaweurope.org\/fr\/wp-json\/wp\/v2\/comments?post=2412"}],"version-history":[{"count":5,"href":"https:\/\/animallaweurope.org\/fr\/wp-json\/wp\/v2\/posts\/2412\/revisions"}],"predecessor-version":[{"id":2418,"href":"https:\/\/animallaweurope.org\/fr\/wp-json\/wp\/v2\/posts\/2412\/revisions\/2418"}],"wp:featuredmedia":[{"embeddable":true,"href":"https:\/\/animallaweurope.org\/fr\/wp-json\/wp\/v2\/media\/2413"}],"wp:attachment":[{"href":"https:\/\/animallaweurope.org\/fr\/wp-json\/wp\/v2\/media?parent=2412"}],"wp:term":[{"taxonomy":"category","embeddable":true,"href":"https:\/\/animallaweurope.org\/fr\/wp-json\/wp\/v2\/categories?post=2412"},{"taxonomy":"post_tag","embeddable":true,"href":"https:\/\/animallaweurope.org\/fr\/wp-json\/wp\/v2\/tags?post=2412"},{"taxonomy":"language","embeddable":true,"href":"https:\/\/animallaweurope.org\/fr\/wp-json\/wp\/v2\/language?post=2412"}],"curies":[{"name":"wp","href":"https:\/\/api.w.org\/{rel}","templated":true}]}}