{"id":2500,"date":"2024-10-31T16:59:19","date_gmt":"2024-10-31T15:59:19","guid":{"rendered":"https:\/\/animallaweurope.org\/?p=2500"},"modified":"2024-11-28T14:35:07","modified_gmt":"2024-11-28T13:35:07","slug":"conf-afed-2","status":"publish","type":"post","link":"https:\/\/animallaweurope.org\/fr\/conf-afed-2\/","title":{"rendered":"Table ronde - Les animaux dans le droit et l'\u00e9conomie"},"content":{"rendered":"","protected":false},"excerpt":{"rendered":"<p>Alice Di Concetto (Chief Legal Adviser) fera une pr\u00e9sentation sur les animaux et le droit des affaires lors d'une table ronde sur les animaux et le droit et l'\u00e9conomie, \u00e0 l'occasion de la conf\u00e9rence annuelle de l'Association fran\u00e7aise de droit et d'\u00e9conomie, \u00e0 Paris. La conf\u00e9rence aura lieu \u00e0 Paris et toutes les pr\u00e9sentations seront en anglais.<\/p>","protected":false},"author":2,"featured_media":2498,"comment_status":"closed","ping_status":"closed","sticky":false,"template":"","format":"standard","meta":{"_acf_changed":false,"footnotes":""},"categories":[9],"tags":[40],"language":[26],"class_list":["post-2500","post","type-post","status-publish","format-standard","has-post-thumbnail","hentry","category-presentations","tag-animal-law","language-english"],"acf":[],"_links":{"self":[{"href":"https:\/\/animallaweurope.org\/fr\/wp-json\/wp\/v2\/posts\/2500","targetHints":{"allow":["GET"]}}],"collection":[{"href":"https:\/\/animallaweurope.org\/fr\/wp-json\/wp\/v2\/posts"}],"about":[{"href":"https:\/\/animallaweurope.org\/fr\/wp-json\/wp\/v2\/types\/post"}],"author":[{"embeddable":true,"href":"https:\/\/animallaweurope.org\/fr\/wp-json\/wp\/v2\/users\/2"}],"replies":[{"embeddable":true,"href":"https:\/\/animallaweurope.org\/fr\/wp-json\/wp\/v2\/comments?post=2500"}],"version-history":[{"count":3,"href":"https:\/\/animallaweurope.org\/fr\/wp-json\/wp\/v2\/posts\/2500\/revisions"}],"predecessor-version":[{"id":2507,"href":"https:\/\/animallaweurope.org\/fr\/wp-json\/wp\/v2\/posts\/2500\/revisions\/2507"}],"wp:featuredmedia":[{"embeddable":true,"href":"https:\/\/animallaweurope.org\/fr\/wp-json\/wp\/v2\/media\/2498"}],"wp:attachment":[{"href":"https:\/\/animallaweurope.org\/fr\/wp-json\/wp\/v2\/media?parent=2500"}],"wp:term":[{"taxonomy":"category","embeddable":true,"href":"https:\/\/animallaweurope.org\/fr\/wp-json\/wp\/v2\/categories?post=2500"},{"taxonomy":"post_tag","embeddable":true,"href":"https:\/\/animallaweurope.org\/fr\/wp-json\/wp\/v2\/tags?post=2500"},{"taxonomy":"language","embeddable":true,"href":"https:\/\/animallaweurope.org\/fr\/wp-json\/wp\/v2\/language?post=2500"}],"curies":[{"name":"wp","href":"https:\/\/api.w.org\/{rel}","templated":true}]}}