{"id":2565,"date":"2025-01-23T09:00:00","date_gmt":"2025-01-23T08:00:00","guid":{"rendered":"https:\/\/animallaweurope.org\/?p=2565"},"modified":"2025-02-20T09:03:28","modified_gmt":"2025-02-20T08:03:28","slug":"calling-for-an-eu-action-plan-for-plant-based-food","status":"publish","type":"post","link":"https:\/\/animallaweurope.org\/fr\/calling-for-an-eu-action-plan-for-plant-based-food\/","title":{"rendered":"Appel en faveur d'un plan d'action de l'UE pour les aliments d'origine v\u00e9g\u00e9tale"},"content":{"rendered":"<p><strong>Quelles actions permettraient d'atteindre les objectifs climatiques et environnementaux de l'UE tout en am\u00e9liorant la sant\u00e9 publique ? <em>et<\/em> r\u00e9duire le nombre d'animaux \u00e9lev\u00e9s dans l'UE ? Existe-t-il une solution miracle ?\u00a0<\/strong><\/p>\n\n\n\n<p>C'est en effet possible, sous la forme d'un plan d'action de l'UE pour les aliments d'origine v\u00e9g\u00e9tale. Aujourd'hui, nous publions un <a href=\"https:\/\/animallaweurope.org\/wp-content\/uploads\/Joint-Position-EU-Action-Plan-for-Plant-Based-Foods-Jan-2025.pdf\">lettre commune<\/a> sign\u00e9e par 133 organisations, dont le BEUC, l'EPHA, Birdlife, IFOAM et Freshfel, qui demande au commissaire Christophe Hansen de faire en sorte qu'elle devienne r\u00e9alit\u00e9 d'ici \u00e0 2026.\u00a0<\/p>\n\n\n\n<p>Les avantages d'une approche holistique de l'ensemble de la cha\u00eene de valeur agroalimentaire, ainsi que de l'\u00e9largissement du champ des prot\u00e9ines \u00e0 des aliments tels que les fruits, les l\u00e9gumes, les l\u00e9gumineuses et les c\u00e9r\u00e9ales compl\u00e8tes, sont apparemment infinis :&nbsp;<\/p>\n\n\n\n<ul class=\"wp-block-list\">\n<li>Pour <strong>animaux<\/strong>,\n<ul class=\"wp-block-list\">\n<li>une r\u00e9duction des densit\u00e9s de peuplement dans les exploitations agricoles et du nombre total d'animaux d\u00e9tenus dans l'UE ;<\/li>\n\n\n\n<li>une r\u00e9duction de la destruction des habitats pour l'\u00e9levage qui affecte les populations d'animaux sauvages ; les \u00e9cosyst\u00e8mes et la biodiversit\u00e9 sont pr\u00e9serv\u00e9s.&nbsp;&nbsp;<\/li>\n<\/ul>\n<\/li>\n<\/ul>\n\n\n\n<ul class=\"wp-block-list\">\n<li>Pour <strong>les personnes<\/strong>,\n<ul class=\"wp-block-list\">\n<li>un mode de vie plus sain et une vie plus longue. 80% des Europ\u00e9ens ne mangent pas assez de c\u00e9r\u00e9ales compl\u00e8tes, de l\u00e9gumineuses, de fruits et de l\u00e9gumes ;<\/li>\n\n\n\n<li>de nouvelles possibilit\u00e9s pour les petits exploitants et les jeunes agriculteurs d'introduire de nouvelles cultures et de diversifier leur production ;<\/li>\n\n\n\n<li>la protection des producteurs et des consommateurs de l'UE contre les fluctuations des prix alimentaires mondiaux et les vuln\u00e9rabilit\u00e9s de la cha\u00eene d'approvisionnement r\u00e9sultant de l'actuel d\u00e9ficit en prot\u00e9ines.<\/li>\n<\/ul>\n<\/li>\n<\/ul>\n\n\n\n<ul class=\"wp-block-list\">\n<li>Pour les <strong>plan\u00e8te<\/strong>,\n<ul class=\"wp-block-list\">\n<li>la r\u00e9duction des \u00e9missions de gaz \u00e0 effet de serre gr\u00e2ce \u00e0 la diminution de l'\u00e9levage ;<\/li>\n\n\n\n<li>la conservation des ressources telles que l'eau, ainsi que la r\u00e9duction du ruissellement des d\u00e9chets susceptibles de contaminer les sources d'eau ;<\/li>\n\n\n\n<li>une r\u00e9duction de la d\u00e9forestation \u00e0 grande \u00e9chelle pour les p\u00e2turages ou les cultures destin\u00e9es \u00e0 l'alimentation du b\u00e9tail ;<\/li>\n\n\n\n<li>un syst\u00e8me agricole plus r\u00e9silient et moins vuln\u00e9rable aux perturbations li\u00e9es au climat.<\/li>\n<\/ul>\n<\/li>\n<\/ul>\n\n\n\n<p>Et ce n'est pas tout. Un plan d'action europ\u00e9en pour les aliments d'origine v\u00e9g\u00e9tale contribuerait \u00e0 am\u00e9liorer la coh\u00e9rence globale des politiques tout en permettant de r\u00e9aliser des \u00e9conomies et de renforcer l'autonomie strat\u00e9gique de l'UE.<\/p>\n\n\n\n<p>Plongez dans les d\u00e9tails de la lettre ouverte <a href=\"https:\/\/animallaweurope.org\/wp-content\/uploads\/Joint-Position-EU-Action-Plan-for-Plant-Based-Foods-Jan-2025.pdf\" target=\"_blank\" rel=\"noreferrer noopener\">ici<\/a> et rejoignez-nous pour demander \u00e0 la Commission de saisir cette occasion de faire une r\u00e9elle diff\u00e9rence pour les animaux, les hommes et la plan\u00e8te.<\/p>\n\n\n\n<p><\/p>","protected":false},"excerpt":{"rendered":"<p>Nous publions aujourd'hui une lettre commune sign\u00e9e par 133 organisations - dont le BEUC, l'EPHA, Birdlife, IFOAM et Freshfel - qui demande au commissaire Christophe Hansen d'adopter un plan d'action de l'UE pour une alimentation \u00e0 base de v\u00e9g\u00e9taux d'ici 2026.\u00a0<\/p>","protected":false},"author":4,"featured_media":2567,"comment_status":"closed","ping_status":"closed","sticky":false,"template":"","format":"standard","meta":{"_acf_changed":false,"footnotes":""},"categories":[37],"tags":[39,13],"language":[26],"class_list":["post-2565","post","type-post","status-publish","format-standard","has-post-thumbnail","hentry","category-policy-news","tag-farmed-animals","tag-food-transition","language-english"],"acf":[],"_links":{"self":[{"href":"https:\/\/animallaweurope.org\/fr\/wp-json\/wp\/v2\/posts\/2565","targetHints":{"allow":["GET"]}}],"collection":[{"href":"https:\/\/animallaweurope.org\/fr\/wp-json\/wp\/v2\/posts"}],"about":[{"href":"https:\/\/animallaweurope.org\/fr\/wp-json\/wp\/v2\/types\/post"}],"author":[{"embeddable":true,"href":"https:\/\/animallaweurope.org\/fr\/wp-json\/wp\/v2\/users\/4"}],"replies":[{"embeddable":true,"href":"https:\/\/animallaweurope.org\/fr\/wp-json\/wp\/v2\/comments?post=2565"}],"version-history":[{"count":7,"href":"https:\/\/animallaweurope.org\/fr\/wp-json\/wp\/v2\/posts\/2565\/revisions"}],"predecessor-version":[{"id":2621,"href":"https:\/\/animallaweurope.org\/fr\/wp-json\/wp\/v2\/posts\/2565\/revisions\/2621"}],"wp:featuredmedia":[{"embeddable":true,"href":"https:\/\/animallaweurope.org\/fr\/wp-json\/wp\/v2\/media\/2567"}],"wp:attachment":[{"href":"https:\/\/animallaweurope.org\/fr\/wp-json\/wp\/v2\/media?parent=2565"}],"wp:term":[{"taxonomy":"category","embeddable":true,"href":"https:\/\/animallaweurope.org\/fr\/wp-json\/wp\/v2\/categories?post=2565"},{"taxonomy":"post_tag","embeddable":true,"href":"https:\/\/animallaweurope.org\/fr\/wp-json\/wp\/v2\/tags?post=2565"},{"taxonomy":"language","embeddable":true,"href":"https:\/\/animallaweurope.org\/fr\/wp-json\/wp\/v2\/language?post=2565"}],"curies":[{"name":"wp","href":"https:\/\/api.w.org\/{rel}","templated":true}]}}