{"id":3444,"date":"2026-04-07T15:25:21","date_gmt":"2026-04-07T13:25:21","guid":{"rendered":"https:\/\/animallaweurope.org\/?p=3444"},"modified":"2026-04-14T10:48:12","modified_gmt":"2026-04-14T08:48:12","slug":"registration-for-this-years-uk-animal-law-conference-now-open","status":"publish","type":"post","link":"https:\/\/animallaweurope.org\/fr\/registration-for-this-years-uk-animal-law-conference-now-open\/","title":{"rendered":"Les inscriptions \u00e0 la conf\u00e9rence britannique sur le droit des animaux sont ouvertes"},"content":{"rendered":"<p>Les inscriptions sont d\u00e9sormais ouvertes pour la conf\u00e9rence britannique de juin sur le droit animalier, au cours de laquelle notre directrice ex\u00e9cutive, Alice Di Concetto, fera une pr\u00e9sentation sur les animaux dans le droit \u00e9conomique avec le professeur Aude Solveig Epstein. Cette conf\u00e9rence est organis\u00e9e conjointement par le UK Centre for Animal Law (A-law) et le Multispecies Collective.<br><\/p>","protected":false},"excerpt":{"rendered":"<p>Les inscriptions sont d\u00e9sormais ouvertes pour la conf\u00e9rence britannique de juin sur le droit animalier, au cours de laquelle notre directrice ex\u00e9cutive, Alice Di Concetto, fera une pr\u00e9sentation sur les animaux dans le droit \u00e9conomique avec le professeur Aude Solveig Epstein. Cette conf\u00e9rence est organis\u00e9e conjointement par le UK Centre for Animal Law (A-law) et le Multispecies Collective.<\/p>","protected":false},"author":4,"featured_media":3445,"comment_status":"closed","ping_status":"closed","sticky":false,"template":"","format":"standard","meta":{"_acf_changed":false,"footnotes":""},"categories":[6],"tags":[],"language":[26],"class_list":["post-3444","post","type-post","status-publish","format-standard","has-post-thumbnail","hentry","category-events","language-english"],"acf":[],"_links":{"self":[{"href":"https:\/\/animallaweurope.org\/fr\/wp-json\/wp\/v2\/posts\/3444","targetHints":{"allow":["GET"]}}],"collection":[{"href":"https:\/\/animallaweurope.org\/fr\/wp-json\/wp\/v2\/posts"}],"about":[{"href":"https:\/\/animallaweurope.org\/fr\/wp-json\/wp\/v2\/types\/post"}],"author":[{"embeddable":true,"href":"https:\/\/animallaweurope.org\/fr\/wp-json\/wp\/v2\/users\/4"}],"replies":[{"embeddable":true,"href":"https:\/\/animallaweurope.org\/fr\/wp-json\/wp\/v2\/comments?post=3444"}],"version-history":[{"count":3,"href":"https:\/\/animallaweurope.org\/fr\/wp-json\/wp\/v2\/posts\/3444\/revisions"}],"predecessor-version":[{"id":3473,"href":"https:\/\/animallaweurope.org\/fr\/wp-json\/wp\/v2\/posts\/3444\/revisions\/3473"}],"wp:featuredmedia":[{"embeddable":true,"href":"https:\/\/animallaweurope.org\/fr\/wp-json\/wp\/v2\/media\/3445"}],"wp:attachment":[{"href":"https:\/\/animallaweurope.org\/fr\/wp-json\/wp\/v2\/media?parent=3444"}],"wp:term":[{"taxonomy":"category","embeddable":true,"href":"https:\/\/animallaweurope.org\/fr\/wp-json\/wp\/v2\/categories?post=3444"},{"taxonomy":"post_tag","embeddable":true,"href":"https:\/\/animallaweurope.org\/fr\/wp-json\/wp\/v2\/tags?post=3444"},{"taxonomy":"language","embeddable":true,"href":"https:\/\/animallaweurope.org\/fr\/wp-json\/wp\/v2\/language?post=3444"}],"curies":[{"name":"wp","href":"https:\/\/api.w.org\/{rel}","templated":true}]}}